{"id":7317,"date":"2022-04-15T12:46:54","date_gmt":"2022-04-15T12:46:54","guid":{"rendered":"https:\/\/liceulmeu.md\/?p=7317"},"modified":"2022-04-15T12:49:02","modified_gmt":"2022-04-15T12:49:02","slug":"elevii-iplt-ginta-latina-au-facut-cunostinta-cu-o-carte-noua","status":"publish","type":"post","link":"https:\/\/liceulmeu.md\/en\/elevii-iplt-ginta-latina-au-facut-cunostinta-cu-o-carte-noua\/","title":{"rendered":"ELEVII IPLT \u201eGINTA LATIN\u0102\u201d AU F\u0102CUT CUNO\u0218TIN\u021a\u0102 CU O CARTE NOU\u0102"},"content":{"rendered":"<div data-elementor-type=\"wp-post\" data-elementor-id=\"7317\" class=\"elementor elementor-7317\">\n\t\t\t\t\t\t<section class=\"ob-is-breaking-bad elementor-section elementor-top-section elementor-element elementor-element-793e7502 elementor-section-boxed elementor-section-height-default elementor-section-height-default\" data-id=\"793e7502\" data-element_type=\"section\" data-e-type=\"section\" data-settings=\"{&quot;_ob_bbad_use_it&quot;:&quot;yes&quot;,&quot;_ob_bbad_sssic_use&quot;:&quot;no&quot;,&quot;_ob_glider_is_slider&quot;:&quot;no&quot;}\">\n\t\t\t\t\t\t<div class=\"elementor-container elementor-column-gap-default\">\n\t\t\t\t\t<div class=\"elementor-column elementor-col-100 elementor-top-column elementor-element elementor-element-7de337c9\" data-id=\"7de337c9\" data-element_type=\"column\" data-e-type=\"column\" data-settings=\"{&quot;_ob_bbad_is_stalker&quot;:&quot;no&quot;,&quot;_ob_teleporter_use&quot;:false,&quot;_ob_column_hoveranimator&quot;:&quot;no&quot;,&quot;_ob_column_has_pseudo&quot;:&quot;no&quot;}\">\n\t\t\t<div class=\"elementor-widget-wrap elementor-element-populated\">\n\t\t\t\t\t\t<div class=\"elementor-element elementor-element-3c7bf892 ob-harakiri-inherit ob-has-background-overlay elementor-widget elementor-widget-text-editor\" data-id=\"3c7bf892\" data-element_type=\"widget\" data-e-type=\"widget\" data-settings=\"{&quot;_ob_use_harakiri&quot;:&quot;yes&quot;,&quot;_ob_harakiri_writing_mode&quot;:&quot;inherit&quot;,&quot;_ob_postman_use&quot;:&quot;no&quot;,&quot;_ob_perspektive_use&quot;:&quot;no&quot;,&quot;_ob_poopart_use&quot;:&quot;yes&quot;,&quot;_ob_shadough_use&quot;:&quot;no&quot;,&quot;_ob_allow_hoveranimator&quot;:&quot;no&quot;,&quot;_ob_widget_stalker_use&quot;:&quot;no&quot;}\" data-widget_type=\"text-editor.default\">\n\t\t\t\t<div class=\"elementor-widget-container\">\n\t\t\t\t\t\t\t\t\t<p><strong><\/strong><\/p>\n<p><strong>Toate s-au petrecut azi, \u00een cadrul bibliotecii \u201eTransilvania\u201d, unde au fost invita\u021bi \u0219i elevii no\u0219tri, condu\u0219i la activitate de c\u0103tre Badrajan Vladimir (profesor de limba \u0219i literatura rom\u00e2n\u0103). Dup\u0103 succesul lucr\u0103rii \u201eRebela\u201d, scriitoarea Claudia Partole a decis s\u0103 scrie o carte despre un b\u0103iat rebel, pe care a intitulat-o \u201eFraierul\u201d. \u00cent\u00e2lnirea cu scriitoarea s-a petrecut online, elevii av\u00e2nd ocazia s\u0103 adreseze autoarei \u00eentreb\u0103rile, ce-i m\u0103cinau at\u00e2t de mult dup\u0103 lectura romanului.<\/strong><\/p>\n<p><strong><\/strong><\/p>\n<p><strong>Astfel am aflat azi ce a provocat-o pe scriitoare s\u0103 scrie cartea, ce meserie ar fi profesat, dac\u0103 nu devenea scriitoare, ce este mai greu s\u0103 educi \u2013 o rebel\u0103 sau un fraier, de ce violen\u021ba sub nici o form\u0103 nu poate fi \u00eendrept\u0103\u021bit\u0103 \u0219i multe alte lucruri interesante.<\/strong><\/p>\n<p><strong><\/strong><\/p>\n<p><strong>La final, dumneaiei ne-a promis s\u0103 ne vedem \u0219i fizic \u00een timpul apropiat. Aprecierile activit\u0103\u021bii din partea elevilor pot fi rezumate printr-un singur cuv\u00e2nt \u2013 \u201eInteresant!\u201d.<\/strong><\/p>\n<p><strong><\/strong><\/p>\t\t\t\t\t\t\t\t<\/div>\n\t\t\t\t<\/div>\n\t\t\t\t\t<\/div>\n\t\t<\/div>\n\t\t\t\t\t<\/div>\n\t\t<\/section>\n\t\t\t\t<section class=\"ob-is-breaking-bad elementor-section elementor-top-section elementor-element elementor-element-049c5d0 elementor-section-boxed elementor-section-height-default elementor-section-height-default\" data-id=\"049c5d0\" data-element_type=\"section\" data-e-type=\"section\" data-settings=\"{&quot;_ob_bbad_use_it&quot;:&quot;yes&quot;,&quot;_ob_bbad_sssic_use&quot;:&quot;no&quot;,&quot;_ob_glider_is_slider&quot;:&quot;no&quot;}\">\n\t\t\t\t\t\t<div class=\"elementor-container elementor-column-gap-default\">\n\t\t\t\t\t<div class=\"elementor-column elementor-col-100 elementor-top-column elementor-element elementor-element-18d9090\" data-id=\"18d9090\" data-element_type=\"column\" data-e-type=\"column\" data-settings=\"{&quot;_ob_bbad_is_stalker&quot;:&quot;no&quot;,&quot;_ob_teleporter_use&quot;:false,&quot;_ob_column_hoveranimator&quot;:&quot;no&quot;,&quot;_ob_column_has_pseudo&quot;:&quot;no&quot;}\">\n\t\t\t<div class=\"elementor-widget-wrap elementor-element-populated\">\n\t\t\t\t\t\t<div class=\"elementor-element elementor-element-f93057c ob-has-background-overlay elementor-widget elementor-widget-image-gallery\" data-id=\"f93057c\" data-element_type=\"widget\" data-e-type=\"widget\" data-settings=\"{&quot;_ob_perspektive_use&quot;:&quot;no&quot;,&quot;_ob_poopart_use&quot;:&quot;yes&quot;,&quot;_ob_shadough_use&quot;:&quot;no&quot;,&quot;_ob_allow_hoveranimator&quot;:&quot;no&quot;,&quot;_ob_widget_stalker_use&quot;:&quot;no&quot;}\" data-widget_type=\"image-gallery.default\">\n\t\t\t\t<div class=\"elementor-widget-container\">\n\t\t\t\t\t\t\t<div class=\"elementor-image-gallery\">\n\t\t\t\n\t\t<style type=\"text\/css\">\n\t\t\t#gallery-1 {\n\t\t\t\tmargin: auto;\n\t\t\t}\n\t\t\t#gallery-1 .gallery-item {\n\t\t\t\tfloat: left;\n\t\t\t\tmargin-top: 10px;\n\t\t\t\ttext-align: center;\n\t\t\t\twidth: 25%;\n\t\t\t}\n\t\t\t#gallery-1 img {\n\t\t\t\tborder: 2px solid #cfcfcf;\n\t\t\t}\n\t\t\t#gallery-1 .gallery-caption {\n\t\t\t\tmargin-left: 0;\n\t\t\t}\n\t\t\t\/* see gallery_shortcode() in wp-includes\/media.php *\/\n\t\t<\/style>\n\t\t<div id='gallery-1' class='gallery galleryid-7317 gallery-columns-4 gallery-size-thumbnail'><dl class='gallery-item'>\n\t\t\t<dt class='gallery-icon landscape'>\n\t\t\t\t<a data-elementor-open-lightbox=\"yes\" data-elementor-lightbox-slideshow=\"f93057c\" data-elementor-lightbox-title=\"20220415_133344\" data-e-action-hash=\"#elementor-action%3Aaction%3Dlightbox%26settings%3DeyJpZCI6NzMyOCwidXJsIjoiaHR0cHM6XC9cL2xpY2V1bG1ldS5tZFwvd3AtY29udGVudFwvdXBsb2Fkc1wvMjAyMlwvMDRcLzIwMjIwNDE1XzEzMzM0NC5qcGciLCJzbGlkZXNob3ciOiJmOTMwNTdjIn0%3D\" href='https:\/\/liceulmeu.md\/wp-content\/uploads\/2022\/04\/20220415_133344.jpg'><img decoding=\"async\" width=\"150\" height=\"150\" src=\"https:\/\/liceulmeu.md\/wp-content\/uploads\/2022\/04\/20220415_133344-150x150.jpg\" class=\"attachment-thumbnail size-thumbnail\" alt=\"\" \/><\/a>\n\t\t\t<\/dt><\/dl><dl class='gallery-item'>\n\t\t\t<dt class='gallery-icon landscape'>\n\t\t\t\t<a data-elementor-open-lightbox=\"yes\" data-elementor-lightbox-slideshow=\"f93057c\" data-elementor-lightbox-title=\"20220415_133348\" data-e-action-hash=\"#elementor-action%3Aaction%3Dlightbox%26settings%3DeyJpZCI6NzMyNywidXJsIjoiaHR0cHM6XC9cL2xpY2V1bG1ldS5tZFwvd3AtY29udGVudFwvdXBsb2Fkc1wvMjAyMlwvMDRcLzIwMjIwNDE1XzEzMzM0OC5qcGciLCJzbGlkZXNob3ciOiJmOTMwNTdjIn0%3D\" href='https:\/\/liceulmeu.md\/wp-content\/uploads\/2022\/04\/20220415_133348.jpg'><img decoding=\"async\" width=\"150\" height=\"150\" src=\"https:\/\/liceulmeu.md\/wp-content\/uploads\/2022\/04\/20220415_133348-150x150.jpg\" class=\"attachment-thumbnail size-thumbnail\" alt=\"\" \/><\/a>\n\t\t\t<\/dt><\/dl><dl class='gallery-item'>\n\t\t\t<dt class='gallery-icon landscape'>\n\t\t\t\t<a data-elementor-open-lightbox=\"yes\" data-elementor-lightbox-slideshow=\"f93057c\" data-elementor-lightbox-title=\"20220415_133808\" data-e-action-hash=\"#elementor-action%3Aaction%3Dlightbox%26settings%3DeyJpZCI6NzMyNiwidXJsIjoiaHR0cHM6XC9cL2xpY2V1bG1ldS5tZFwvd3AtY29udGVudFwvdXBsb2Fkc1wvMjAyMlwvMDRcLzIwMjIwNDE1XzEzMzgwOC5qcGciLCJzbGlkZXNob3ciOiJmOTMwNTdjIn0%3D\" href='https:\/\/liceulmeu.md\/wp-content\/uploads\/2022\/04\/20220415_133808.jpg'><img decoding=\"async\" width=\"150\" height=\"150\" src=\"https:\/\/liceulmeu.md\/wp-content\/uploads\/2022\/04\/20220415_133808-150x150.jpg\" class=\"attachment-thumbnail size-thumbnail\" alt=\"\" \/><\/a>\n\t\t\t<\/dt><\/dl><dl class='gallery-item'>\n\t\t\t<dt class='gallery-icon landscape'>\n\t\t\t\t<a data-elementor-open-lightbox=\"yes\" data-elementor-lightbox-slideshow=\"f93057c\" data-elementor-lightbox-title=\"20220415_133815\" data-e-action-hash=\"#elementor-action%3Aaction%3Dlightbox%26settings%3DeyJpZCI6NzMyNSwidXJsIjoiaHR0cHM6XC9cL2xpY2V1bG1ldS5tZFwvd3AtY29udGVudFwvdXBsb2Fkc1wvMjAyMlwvMDRcLzIwMjIwNDE1XzEzMzgxNS5qcGciLCJzbGlkZXNob3ciOiJmOTMwNTdjIn0%3D\" href='https:\/\/liceulmeu.md\/wp-content\/uploads\/2022\/04\/20220415_133815.jpg'><img loading=\"lazy\" decoding=\"async\" width=\"150\" height=\"150\" src=\"https:\/\/liceulmeu.md\/wp-content\/uploads\/2022\/04\/20220415_133815-150x150.jpg\" class=\"attachment-thumbnail size-thumbnail\" alt=\"\" \/><\/a>\n\t\t\t<\/dt><\/dl><br style=\"clear: both\" \/><dl class='gallery-item'>\n\t\t\t<dt class='gallery-icon landscape'>\n\t\t\t\t<a data-elementor-open-lightbox=\"yes\" data-elementor-lightbox-slideshow=\"f93057c\" data-elementor-lightbox-title=\"20220415_133825\" data-e-action-hash=\"#elementor-action%3Aaction%3Dlightbox%26settings%3DeyJpZCI6NzMyNCwidXJsIjoiaHR0cHM6XC9cL2xpY2V1bG1ldS5tZFwvd3AtY29udGVudFwvdXBsb2Fkc1wvMjAyMlwvMDRcLzIwMjIwNDE1XzEzMzgyNS5qcGciLCJzbGlkZXNob3ciOiJmOTMwNTdjIn0%3D\" href='https:\/\/liceulmeu.md\/wp-content\/uploads\/2022\/04\/20220415_133825.jpg'><img loading=\"lazy\" decoding=\"async\" width=\"150\" height=\"150\" src=\"https:\/\/liceulmeu.md\/wp-content\/uploads\/2022\/04\/20220415_133825-150x150.jpg\" class=\"attachment-thumbnail size-thumbnail\" alt=\"\" \/><\/a>\n\t\t\t<\/dt><\/dl><dl class='gallery-item'>\n\t\t\t<dt class='gallery-icon landscape'>\n\t\t\t\t<a data-elementor-open-lightbox=\"yes\" data-elementor-lightbox-slideshow=\"f93057c\" data-elementor-lightbox-title=\"IMG-4b1dec2a156003610d1313566f2c167a-V\" data-e-action-hash=\"#elementor-action%3Aaction%3Dlightbox%26settings%3DeyJpZCI6NzMyMywidXJsIjoiaHR0cHM6XC9cL2xpY2V1bG1ldS5tZFwvd3AtY29udGVudFwvdXBsb2Fkc1wvMjAyMlwvMDRcL0lNRy00YjFkZWMyYTE1NjAwMzYxMGQxMzEzNTY2ZjJjMTY3YS1WLTEuanBnIiwic2xpZGVzaG93IjoiZjkzMDU3YyJ9\" href='https:\/\/liceulmeu.md\/wp-content\/uploads\/2022\/04\/IMG-4b1dec2a156003610d1313566f2c167a-V-1.jpg'><img loading=\"lazy\" decoding=\"async\" width=\"150\" height=\"150\" src=\"https:\/\/liceulmeu.md\/wp-content\/uploads\/2022\/04\/IMG-4b1dec2a156003610d1313566f2c167a-V-1-150x150.jpg\" class=\"attachment-thumbnail size-thumbnail\" alt=\"\" \/><\/a>\n\t\t\t<\/dt><\/dl>\n\t\t\t<br style='clear: both' \/>\n\t\t<\/div>\n\t\t<\/div>\n\t\t\t\t\t\t<\/div>\n\t\t\t\t<\/div>\n\t\t\t\t\t<\/div>\n\t\t<\/div>\n\t\t\t\t\t<\/div>\n\t\t<\/section>\n\t\t\t\t<\/div>","protected":false},"excerpt":{"rendered":"<p>Toate s-au petrecut azi, \u00een cadrul bibliotecii \u201eTransilvania\u201d, unde au fost invita\u021bi \u0219i elevii no\u0219tri, condu\u0219i la activitate de c\u0103tre Badrajan Vladimir (profesor de limba \u0219i literatura rom\u00e2n\u0103). Dup\u0103 succesul lucr\u0103rii \u201eRebela\u201d, scriitoarea Claudia Partole a decis s\u0103 scrie o carte despre un b\u0103iat rebel, pe care a intitulat-o \u201eFraierul\u201d. \u00cent\u00e2lnirea cu scriitoarea s-a petrecut&hellip; <br \/> <a class=\"read-more\" href=\"https:\/\/liceulmeu.md\/en\/elevii-iplt-ginta-latina-au-facut-cunostinta-cu-o-carte-noua\/\">Read more<\/a><\/p>","protected":false},"author":1,"featured_media":7318,"comment_status":"open","ping_status":"open","sticky":false,"template":"","format":"standard","meta":{"footnotes":""},"categories":[1],"tags":[],"class_list":["post-7317","post","type-post","status-publish","format-standard","has-post-thumbnail","hentry","category-uncategorized"],"rttpg_featured_image_url":{"full":["https:\/\/liceulmeu.md\/wp-content\/uploads\/2022\/04\/IMG-4b1dec2a156003610d1313566f2c167a-V.jpg",1600,1200,false],"landscape":["https:\/\/liceulmeu.md\/wp-content\/uploads\/2022\/04\/IMG-4b1dec2a156003610d1313566f2c167a-V.jpg",1600,1200,false],"portraits":["https:\/\/liceulmeu.md\/wp-content\/uploads\/2022\/04\/IMG-4b1dec2a156003610d1313566f2c167a-V.jpg",1600,1200,false],"thumbnail":["https:\/\/liceulmeu.md\/wp-content\/uploads\/2022\/04\/IMG-4b1dec2a156003610d1313566f2c167a-V-150x150.jpg",150,150,true],"medium":["https:\/\/liceulmeu.md\/wp-content\/uploads\/2022\/04\/IMG-4b1dec2a156003610d1313566f2c167a-V-300x225.jpg",300,225,true],"large":["https:\/\/liceulmeu.md\/wp-content\/uploads\/2022\/04\/IMG-4b1dec2a156003610d1313566f2c167a-V-1024x768.jpg",1024,768,true],"1536x1536":["https:\/\/liceulmeu.md\/wp-content\/uploads\/2022\/04\/IMG-4b1dec2a156003610d1313566f2c167a-V-1536x1152.jpg",1536,1152,true],"2048x2048":["https:\/\/liceulmeu.md\/wp-content\/uploads\/2022\/04\/IMG-4b1dec2a156003610d1313566f2c167a-V.jpg",1600,1200,false],"trp-custom-language-flag":["https:\/\/liceulmeu.md\/wp-content\/uploads\/2022\/04\/IMG-4b1dec2a156003610d1313566f2c167a-V-16x12.jpg",16,12,true],"post-thumbnail":["https:\/\/liceulmeu.md\/wp-content\/uploads\/2022\/04\/IMG-4b1dec2a156003610d1313566f2c167a-V-1024x768.jpg",1024,768,true],"mesmerize-full-hd":["https:\/\/liceulmeu.md\/wp-content\/uploads\/2022\/04\/IMG-4b1dec2a156003610d1313566f2c167a-V-1440x1080.jpg",1440,1080,true],"bdfe-large-thumb":["https:\/\/liceulmeu.md\/wp-content\/uploads\/2022\/04\/IMG-4b1dec2a156003610d1313566f2c167a-V.jpg",600,450,false],"bdfe-hero-slider-thumb":["https:\/\/liceulmeu.md\/wp-content\/uploads\/2022\/04\/IMG-4b1dec2a156003610d1313566f2c167a-V.jpg",865,649,false]},"rttpg_author":{"display_name":"gintalatina","author_link":"https:\/\/liceulmeu.md\/en\/author\/admin\/"},"rttpg_comment":0,"rttpg_category":"<a href=\"https:\/\/liceulmeu.md\/en\/category\/uncategorized\/\" rel=\"category tag\">Uncategorized<\/a>","rttpg_excerpt":"Toate s-au petrecut azi, \u00een cadrul bibliotecii \u201eTransilvania\u201d, unde au fost invita\u021bi \u0219i elevii no\u0219tri, condu\u0219i la activitate de c\u0103tre Badrajan Vladimir (profesor de limba \u0219i literatura rom\u00e2n\u0103). Dup\u0103 succesul lucr\u0103rii \u201eRebela\u201d, scriitoarea Claudia Partole a decis s\u0103 scrie o carte despre un b\u0103iat rebel, pe care a intitulat-o \u201eFraierul\u201d. \u00cent\u00e2lnirea cu scriitoarea s-a petrecut&hellip;&hellip;","_links":{"self":[{"href":"https:\/\/liceulmeu.md\/en\/wp-json\/wp\/v2\/posts\/7317","targetHints":{"allow":["GET"]}}],"collection":[{"href":"https:\/\/liceulmeu.md\/en\/wp-json\/wp\/v2\/posts"}],"about":[{"href":"https:\/\/liceulmeu.md\/en\/wp-json\/wp\/v2\/types\/post"}],"author":[{"embeddable":true,"href":"https:\/\/liceulmeu.md\/en\/wp-json\/wp\/v2\/users\/1"}],"replies":[{"embeddable":true,"href":"https:\/\/liceulmeu.md\/en\/wp-json\/wp\/v2\/comments?post=7317"}],"version-history":[{"count":7,"href":"https:\/\/liceulmeu.md\/en\/wp-json\/wp\/v2\/posts\/7317\/revisions"}],"predecessor-version":[{"id":7331,"href":"https:\/\/liceulmeu.md\/en\/wp-json\/wp\/v2\/posts\/7317\/revisions\/7331"}],"wp:featuredmedia":[{"embeddable":true,"href":"https:\/\/liceulmeu.md\/en\/wp-json\/wp\/v2\/media\/7318"}],"wp:attachment":[{"href":"https:\/\/liceulmeu.md\/en\/wp-json\/wp\/v2\/media?parent=7317"}],"wp:term":[{"taxonomy":"category","embeddable":true,"href":"https:\/\/liceulmeu.md\/en\/wp-json\/wp\/v2\/categories?post=7317"},{"taxonomy":"post_tag","embeddable":true,"href":"https:\/\/liceulmeu.md\/en\/wp-json\/wp\/v2\/tags?post=7317"}],"curies":[{"name":"wp","href":"https:\/\/api.w.org\/{rel}","templated":true}]}}