{"id":7003,"date":"2022-03-28T11:46:52","date_gmt":"2022-03-28T11:46:52","guid":{"rendered":"https:\/\/liceulmeu.md\/?p=7003"},"modified":"2022-03-31T13:41:11","modified_gmt":"2022-03-31T13:41:11","slug":"nicolae-enciu-experienta-mea-e-de-la-13-ani-cand-am-inceput-a-dansa","status":"publish","type":"post","link":"https:\/\/liceulmeu.md\/en\/nicolae-enciu-experienta-mea-e-de-la-13-ani-cand-am-inceput-a-dansa\/","title":{"rendered":"NICOLAE ENCIU\u00a0: \u201cEXPERIEN\u021aA MEA E DE LA 13 ANI, C\u00c2ND AM \u00ceNCEPUT A DANSA\u201d"},"content":{"rendered":"<div data-elementor-type=\"wp-post\" data-elementor-id=\"7003\" class=\"elementor elementor-7003\">\n\t\t\t\t\t\t<section class=\"ob-is-breaking-bad elementor-section elementor-top-section elementor-element elementor-element-505ade3 elementor-section-boxed elementor-section-height-default elementor-section-height-default\" data-id=\"505ade3\" data-element_type=\"section\" data-e-type=\"section\" data-settings=\"{&quot;_ob_bbad_use_it&quot;:&quot;yes&quot;,&quot;_ob_bbad_sssic_use&quot;:&quot;no&quot;,&quot;_ob_glider_is_slider&quot;:&quot;no&quot;}\">\n\t\t\t\t\t\t<div class=\"elementor-container elementor-column-gap-default\">\n\t\t\t\t\t<div class=\"elementor-column elementor-col-100 elementor-top-column elementor-element elementor-element-12c04bc\" data-id=\"12c04bc\" data-element_type=\"column\" data-e-type=\"column\" data-settings=\"{&quot;_ob_bbad_is_stalker&quot;:&quot;no&quot;,&quot;_ob_teleporter_use&quot;:false,&quot;_ob_column_hoveranimator&quot;:&quot;no&quot;,&quot;_ob_column_has_pseudo&quot;:&quot;no&quot;}\">\n\t\t\t<div class=\"elementor-widget-wrap elementor-element-populated\">\n\t\t\t\t\t\t<div class=\"elementor-element elementor-element-0e633e9 ob-harakiri-inherit ob-has-background-overlay elementor-widget elementor-widget-text-editor\" data-id=\"0e633e9\" data-element_type=\"widget\" data-e-type=\"widget\" data-settings=\"{&quot;_ob_use_harakiri&quot;:&quot;yes&quot;,&quot;_ob_harakiri_writing_mode&quot;:&quot;inherit&quot;,&quot;_ob_postman_use&quot;:&quot;no&quot;,&quot;_ob_perspektive_use&quot;:&quot;no&quot;,&quot;_ob_poopart_use&quot;:&quot;yes&quot;,&quot;_ob_shadough_use&quot;:&quot;no&quot;,&quot;_ob_allow_hoveranimator&quot;:&quot;no&quot;,&quot;_ob_widget_stalker_use&quot;:&quot;no&quot;}\" data-widget_type=\"text-editor.default\">\n\t\t\t\t<div class=\"elementor-widget-container\">\n\t\t\t\t\t\t\t\t\t<p><strong><em>POPOVICI ANASTASIA \u0219i FODORCEA SORINA-IOANA (eleve \u00een clasa a VIII-a \u201cC\u201d) a realizat un interviu \u201c<\/em><\/strong><strong><em>\u00een laboratorul de crea\u021bie<\/em><\/strong><strong><em>\u201d al profesorului NICOLAE ENCIU. Este un interviu \u00eenregistrat, \u00een mare parte, \u00een cheia \u00eentreb\u0103rilor blitz, \u00een timpul activit\u0103\u021bii propriu-zise a profesorului. S\u0103 vedem \u00eempreun\u0103 rezultatul, \u00een care fiecare cuv\u00e2nt este la locul s\u0103u, precum sunt dispuse\u00a0<\/em><\/strong><strong style=\"font-family: var( --e-global-typography-text-font-family ), Sans-serif;\"><em>mi\u0219c\u0103rile\u00a0<\/em><\/strong><strong style=\"font-family: var( --e-global-typography-text-font-family ), Sans-serif;\"><em>\u00eentr-un dans\u00a0<\/em><\/strong><strong style=\"font-family: var( --e-global-typography-text-font-family ), Sans-serif;\"><em>armonios.<\/em><\/strong><\/p>\t\t\t\t\t\t\t\t<\/div>\n\t\t\t\t<\/div>\n\t\t\t\t\t<\/div>\n\t\t<\/div>\n\t\t\t\t\t<\/div>\n\t\t<\/section>\n\t\t\t\t<section class=\"ob-is-breaking-bad elementor-section elementor-top-section elementor-element elementor-element-4ca5ff73 elementor-section-boxed elementor-section-height-default elementor-section-height-default\" data-id=\"4ca5ff73\" data-element_type=\"section\" data-e-type=\"section\" data-settings=\"{&quot;_ob_bbad_use_it&quot;:&quot;yes&quot;,&quot;_ob_bbad_sssic_use&quot;:&quot;no&quot;,&quot;_ob_glider_is_slider&quot;:&quot;no&quot;}\">\n\t\t\t\t\t\t<div class=\"elementor-container elementor-column-gap-default\">\n\t\t\t\t\t<div class=\"elementor-column elementor-col-100 elementor-top-column elementor-element elementor-element-7fca3f41\" data-id=\"7fca3f41\" data-element_type=\"column\" data-e-type=\"column\" data-settings=\"{&quot;_ob_bbad_is_stalker&quot;:&quot;no&quot;,&quot;_ob_teleporter_use&quot;:false,&quot;_ob_column_hoveranimator&quot;:&quot;no&quot;,&quot;_ob_column_has_pseudo&quot;:&quot;no&quot;}\">\n\t\t\t<div class=\"elementor-widget-wrap elementor-element-populated\">\n\t\t\t\t\t\t<div class=\"elementor-element elementor-element-38a71faf ob-harakiri-inherit ob-has-background-overlay elementor-widget elementor-widget-text-editor\" data-id=\"38a71faf\" data-element_type=\"widget\" data-e-type=\"widget\" data-settings=\"{&quot;_ob_use_harakiri&quot;:&quot;yes&quot;,&quot;_ob_harakiri_writing_mode&quot;:&quot;inherit&quot;,&quot;_ob_postman_use&quot;:&quot;no&quot;,&quot;_ob_perspektive_use&quot;:&quot;no&quot;,&quot;_ob_poopart_use&quot;:&quot;yes&quot;,&quot;_ob_shadough_use&quot;:&quot;no&quot;,&quot;_ob_allow_hoveranimator&quot;:&quot;no&quot;,&quot;_ob_widget_stalker_use&quot;:&quot;no&quot;}\" data-widget_type=\"text-editor.default\">\n\t\t\t\t<div class=\"elementor-widget-container\">\n\t\t\t\t\t\t\t\t\t<p><\/p>\n<p><strong style=\"font-family: var( --e-global-typography-text-font-family ), Sans-serif;\"><em>POPOVICI ANASTASIA<\/em><\/strong><strong style=\"font-family: var( --e-global-typography-text-font-family ), Sans-serif;\"><em>: <\/em><\/strong><strong style=\"font-family: var( --e-global-typography-text-font-family ), Sans-serif;\"><em>Ce experien\u021b\u0103 ave\u021bi \u00een \u0219coal\u0103?<\/em><\/strong><\/p>\n<p><\/p>\n<p><\/p>\n<p><strong>ENCIU NICOLAE:<\/strong> \u201cExperien\u021ba mea e de la 13 ani, c\u00e2nd am \u00eenceput a dansa, apoi am dansat 14-15 ani \u00een ansamblul \u201cJoc\u201d. \u00cen timpul acesta am lucrat cu copiii din \u201cM\u0103r\u021bi\u0219or\u201d\u00a0\u0219i cu multe alte colective. \u00cen \u0219coala \u201cGinta Latin\u0103\u201d am \u00eenceput s\u0103 activez cu 12 ani \u00een urm\u0103.\u201d<\/p>\n<p><\/p>\n<p><\/p>\n<p><strong><em>FODORCEA-SORINA IOANA: <\/em><\/strong><strong><em>Cum a\u021bi evalua lec\u021bia (pe care tocmai a\u021bi predat-o) \u0219i ce a\u021bi face diferit data viitoare?<\/em><\/strong><\/p>\n<p><\/p>\n<p><\/p>\n<p><strong>ENCIU NICOLAE:<\/strong> \u201cDesigur, lec\u021bia, pe care o facem, eu socot c\u0103 e o lec\u021bie productiv\u0103. Data viitoare voi \u00eencerca \u0219i vreau tot timpul s\u0103 fac \u00een a\u0219a fel, \u00eenc\u00e2t s\u0103 v\u0103 predau c\u00e2te ceva nou, ca voi s\u0103 avea\u021bi dorin\u021ba de a frecventa lec\u021biile mele.\u201d<\/p>\n<p><\/p>\n<p><\/p>\n<p><strong><em>POPOVICI ANASTASIA<\/em><\/strong><strong><em>: <\/em><\/strong><strong><em>Primi\u021bi pl\u0103cerea de a veni \u00een fiecare zi la \u0219coal\u0103?<\/em><\/strong><\/p>\n<p><\/p>\n<p><\/p>\n<p><strong>ENCIU NICOLAE:<\/strong> \u201cDesigur. E o adev\u0103rat\u0103 pl\u0103cere s\u0103 m\u0103 \u00eent\u00e2lnesc cu elevii mei frumo\u0219i, care sunt cumin\u021bi, de\u0219tep\u021bi \u0219i dornici de a \u00eenv\u0103\u021ba ceva nou.\u201d<\/p>\n<p><\/p>\n<p><\/p>\n<p><strong style=\"font-family: var( --e-global-typography-text-font-family ), Sans-serif;\"><em>FODORCEA-SORINA IOANA<\/em><\/strong><strong><em>: <\/em><\/strong><strong><em>Ce v\u0103 place cel mai mult la profesia dumneavoastr\u0103?\u00a0<\/em><\/strong><\/p>\n<p><\/p>\n<p><\/p>\n<p><strong>ENCIU NICOLAE:<\/strong> \u201cCel mai mult \u00eemi place s\u0103 fiu \u00eentre elevi, pentru c\u0103 ei m\u0103 inspir\u0103 \u0219i m\u0103 umplu cu o energie pozitiv\u0103.\u201d<\/p>\n<p><\/p>\n<p><\/p>\n<p><strong><em>POPOVICI ANASTASIA<\/em><\/strong><strong><em>: <\/em><\/strong><strong><em>V\u0103 aminti\u021bi prima lec\u021bie? Cum v-a\u021bi sim\u021bit atunci?<\/em><\/strong><\/p>\n<p><\/p>\n<p><\/p>\n<p><strong>ENCIU NICOLAE:<\/strong> \u201cPrima lec\u021bie, cred c\u0103 a\u0219a s-a \u00eent\u00e2mplat \u00een cazul fiec\u0103rui profesor, a fost \u00eenfior\u0103toare, g\u00e2ndeam dac\u0103 am s\u0103 pot s\u0103 fac fa\u021b\u0103 lucrurilor \u00een acest domeniu \u0219i dac\u0103 voi putea lucra cu copiii. Asta a fost.\u201d<\/p>\n<p><\/p>\n<p><\/p>\n<p><strong style=\"font-family: var( --e-global-typography-text-font-family ), Sans-serif;\"><em>FODORCEA-SORINA IOANA<\/em><\/strong><strong><em>: <\/em><\/strong><strong><em>De ce a\u021bi decis s\u0103 deveni\u021bi profesor?<\/em><\/strong><\/p>\n<p><\/p>\n<p><\/p>\n<p><strong>ENCIU NICOLAE:<\/strong> \u201cPractic, dorin\u021ba de a cre\u0219te, de a face ceva nou, de a \u00eenv\u0103\u021ba ceva nou, pentru c\u0103 eu, fiind dansator profesionist, am hot\u0103r\u00e2t s\u0103-mi \u00eencerc puterile \u0219i \u00een domeniu de a preda dansul. Cred c\u0103 nu m\u0103 descurc r\u0103u cu voi, dragii mei copiii, elevi. Pentru mine sunte\u021bi \u00eentr-adev\u0103r copiii mei. Asta am avut s\u0103 v\u0103 spun.\u201d<\/p>\n<p><\/p>\t\t\t\t\t\t\t\t<\/div>\n\t\t\t\t<\/div>\n\t\t\t\t\t<\/div>\n\t\t<\/div>\n\t\t\t\t\t<\/div>\n\t\t<\/section>\n\t\t\t\t<section class=\"ob-is-breaking-bad elementor-section elementor-top-section elementor-element elementor-element-23b98af elementor-section-boxed elementor-section-height-default elementor-section-height-default\" data-id=\"23b98af\" data-element_type=\"section\" data-e-type=\"section\" data-settings=\"{&quot;_ob_bbad_use_it&quot;:&quot;yes&quot;,&quot;_ob_bbad_sssic_use&quot;:&quot;no&quot;,&quot;_ob_glider_is_slider&quot;:&quot;no&quot;}\">\n\t\t\t\t\t\t<div class=\"elementor-container elementor-column-gap-default\">\n\t\t\t\t\t<div class=\"elementor-column elementor-col-100 elementor-top-column elementor-element elementor-element-df38505\" data-id=\"df38505\" data-element_type=\"column\" data-e-type=\"column\" data-settings=\"{&quot;_ob_bbad_is_stalker&quot;:&quot;no&quot;,&quot;_ob_teleporter_use&quot;:false,&quot;_ob_column_hoveranimator&quot;:&quot;no&quot;,&quot;_ob_column_has_pseudo&quot;:&quot;no&quot;}\">\n\t\t\t<div class=\"elementor-widget-wrap elementor-element-populated\">\n\t\t\t\t\t\t<div class=\"elementor-element elementor-element-1200bdd ob-harakiri-inherit ob-has-background-overlay elementor-widget elementor-widget-text-editor\" data-id=\"1200bdd\" data-element_type=\"widget\" data-e-type=\"widget\" data-settings=\"{&quot;_ob_use_harakiri&quot;:&quot;yes&quot;,&quot;_ob_harakiri_writing_mode&quot;:&quot;inherit&quot;,&quot;_ob_postman_use&quot;:&quot;no&quot;,&quot;_ob_perspektive_use&quot;:&quot;no&quot;,&quot;_ob_poopart_use&quot;:&quot;yes&quot;,&quot;_ob_shadough_use&quot;:&quot;no&quot;,&quot;_ob_allow_hoveranimator&quot;:&quot;no&quot;,&quot;_ob_widget_stalker_use&quot;:&quot;no&quot;}\" data-widget_type=\"text-editor.default\">\n\t\t\t\t<div class=\"elementor-widget-container\">\n\t\t\t\t\t\t\t\t\t<p><em><strong>Autoarele interviului: Popovici Anastasia \u0219i Fodorcea Sorina-Ioana (clasa a&nbsp; VIII-a) &#8222;C&#8221;<\/strong><\/em><\/p>\t\t\t\t\t\t\t\t<\/div>\n\t\t\t\t<\/div>\n\t\t\t\t\t<\/div>\n\t\t<\/div>\n\t\t\t\t\t<\/div>\n\t\t<\/section>\n\t\t\t\t<\/div>","protected":false},"excerpt":{"rendered":"<p>POPOVICI ANASTASIA \u0219i FODORCEA SORINA-IOANA (eleve \u00een clasa a VIII-a \u201cC\u201d) a realizat un interviu \u201c\u00een laboratorul de crea\u021bie\u201d al profesorului NICOLAE ENCIU. Este un interviu \u00eenregistrat, \u00een mare parte, \u00een cheia \u00eentreb\u0103rilor blitz, \u00een timpul activit\u0103\u021bii propriu-zise a profesorului. S\u0103 vedem \u00eempreun\u0103 rezultatul, \u00een care fiecare cuv\u00e2nt este la locul s\u0103u, precum sunt dispuse\u00a0mi\u0219c\u0103rile\u00a0\u00eentr-un&hellip; <br \/> <a class=\"read-more\" href=\"https:\/\/liceulmeu.md\/en\/nicolae-enciu-experienta-mea-e-de-la-13-ani-cand-am-inceput-a-dansa\/\">Read more<\/a><\/p>","protected":false},"author":1,"featured_media":7005,"comment_status":"open","ping_status":"open","sticky":false,"template":"","format":"standard","meta":{"footnotes":""},"categories":[8,1],"tags":[],"class_list":["post-7003","post","type-post","status-publish","format-standard","has-post-thumbnail","hentry","category-interviuri","category-uncategorized"],"rttpg_featured_image_url":{"full":["https:\/\/liceulmeu.md\/wp-content\/uploads\/2022\/03\/IMG-5e0537c2a108e4718eda202e0388008d-V.jpg",1600,900,false],"landscape":["https:\/\/liceulmeu.md\/wp-content\/uploads\/2022\/03\/IMG-5e0537c2a108e4718eda202e0388008d-V.jpg",1600,900,false],"portraits":["https:\/\/liceulmeu.md\/wp-content\/uploads\/2022\/03\/IMG-5e0537c2a108e4718eda202e0388008d-V.jpg",1600,900,false],"thumbnail":["https:\/\/liceulmeu.md\/wp-content\/uploads\/2022\/03\/IMG-5e0537c2a108e4718eda202e0388008d-V-150x150.jpg",150,150,true],"medium":["https:\/\/liceulmeu.md\/wp-content\/uploads\/2022\/03\/IMG-5e0537c2a108e4718eda202e0388008d-V-300x169.jpg",300,169,true],"large":["https:\/\/liceulmeu.md\/wp-content\/uploads\/2022\/03\/IMG-5e0537c2a108e4718eda202e0388008d-V-1024x576.jpg",1024,576,true],"1536x1536":["https:\/\/liceulmeu.md\/wp-content\/uploads\/2022\/03\/IMG-5e0537c2a108e4718eda202e0388008d-V-1536x864.jpg",1536,864,true],"2048x2048":["https:\/\/liceulmeu.md\/wp-content\/uploads\/2022\/03\/IMG-5e0537c2a108e4718eda202e0388008d-V.jpg",1600,900,false],"trp-custom-language-flag":["https:\/\/liceulmeu.md\/wp-content\/uploads\/2022\/03\/IMG-5e0537c2a108e4718eda202e0388008d-V-18x10.jpg",18,10,true],"post-thumbnail":["https:\/\/liceulmeu.md\/wp-content\/uploads\/2022\/03\/IMG-5e0537c2a108e4718eda202e0388008d-V-1024x576.jpg",1024,576,true],"mesmerize-full-hd":["https:\/\/liceulmeu.md\/wp-content\/uploads\/2022\/03\/IMG-5e0537c2a108e4718eda202e0388008d-V.jpg",1600,900,false],"bdfe-large-thumb":["https:\/\/liceulmeu.md\/wp-content\/uploads\/2022\/03\/IMG-5e0537c2a108e4718eda202e0388008d-V.jpg",600,338,false],"bdfe-hero-slider-thumb":["https:\/\/liceulmeu.md\/wp-content\/uploads\/2022\/03\/IMG-5e0537c2a108e4718eda202e0388008d-V.jpg",1154,649,false]},"rttpg_author":{"display_name":"gintalatina","author_link":"https:\/\/liceulmeu.md\/en\/author\/admin\/"},"rttpg_comment":0,"rttpg_category":"<a href=\"https:\/\/liceulmeu.md\/en\/category\/din-prima-sursa\/interviuri\/\" rel=\"category tag\">DIN PRIMA SURS\u0102<\/a> <a href=\"https:\/\/liceulmeu.md\/en\/category\/uncategorized\/\" rel=\"category tag\">Uncategorized<\/a>","rttpg_excerpt":"POPOVICI ANASTASIA \u0219i FODORCEA SORINA-IOANA (eleve \u00een clasa a VIII-a \u201cC\u201d) a realizat un interviu \u201c\u00een laboratorul de crea\u021bie\u201d al profesorului NICOLAE ENCIU. Este un interviu \u00eenregistrat, \u00een mare parte, \u00een cheia \u00eentreb\u0103rilor blitz, \u00een timpul activit\u0103\u021bii propriu-zise a profesorului. S\u0103 vedem \u00eempreun\u0103 rezultatul, \u00een care fiecare cuv\u00e2nt este la locul s\u0103u, precum sunt dispuse\u00a0mi\u0219c\u0103rile\u00a0\u00eentr-un&hellip;&hellip;","_links":{"self":[{"href":"https:\/\/liceulmeu.md\/en\/wp-json\/wp\/v2\/posts\/7003","targetHints":{"allow":["GET"]}}],"collection":[{"href":"https:\/\/liceulmeu.md\/en\/wp-json\/wp\/v2\/posts"}],"about":[{"href":"https:\/\/liceulmeu.md\/en\/wp-json\/wp\/v2\/types\/post"}],"author":[{"embeddable":true,"href":"https:\/\/liceulmeu.md\/en\/wp-json\/wp\/v2\/users\/1"}],"replies":[{"embeddable":true,"href":"https:\/\/liceulmeu.md\/en\/wp-json\/wp\/v2\/comments?post=7003"}],"version-history":[{"count":28,"href":"https:\/\/liceulmeu.md\/en\/wp-json\/wp\/v2\/posts\/7003\/revisions"}],"predecessor-version":[{"id":7064,"href":"https:\/\/liceulmeu.md\/en\/wp-json\/wp\/v2\/posts\/7003\/revisions\/7064"}],"wp:featuredmedia":[{"embeddable":true,"href":"https:\/\/liceulmeu.md\/en\/wp-json\/wp\/v2\/media\/7005"}],"wp:attachment":[{"href":"https:\/\/liceulmeu.md\/en\/wp-json\/wp\/v2\/media?parent=7003"}],"wp:term":[{"taxonomy":"category","embeddable":true,"href":"https:\/\/liceulmeu.md\/en\/wp-json\/wp\/v2\/categories?post=7003"},{"taxonomy":"post_tag","embeddable":true,"href":"https:\/\/liceulmeu.md\/en\/wp-json\/wp\/v2\/tags?post=7003"}],"curies":[{"name":"wp","href":"https:\/\/api.w.org\/{rel}","templated":true}]}}