{"id":14035,"date":"2026-04-29T23:49:50","date_gmt":"2026-04-29T23:49:50","guid":{"rendered":"https:\/\/liceulmeu.md\/?p=14035"},"modified":"2026-04-29T23:49:51","modified_gmt":"2026-04-29T23:49:51","slug":"27-aprilie-2026iplt-ginta-latina-emotie-si-respect-de-ziua-drapelului-de-stat-al-republicii-moldova","status":"publish","type":"post","link":"https:\/\/liceulmeu.md\/en\/27-aprilie-2026iplt-ginta-latina-emotie-si-respect-de-ziua-drapelului-de-stat-al-republicii-moldova\/","title":{"rendered":"27 aprilie 2026,IPLT \u201eGinta Latin\u0103\u201d- emo\u021bie \u0219i respect  de  Ziua Drapelului de Stat al Republicii Moldova."},"content":{"rendered":"<figure class=\"wp-block-image size-large\"><img fetchpriority=\"high\" decoding=\"async\" width=\"1024\" height=\"1024\" src=\"https:\/\/liceulmeu.md\/wp-content\/uploads\/2026\/04\/image-33-1024x1024.png\" alt=\"\" class=\"wp-image-14038\" srcset=\"https:\/\/liceulmeu.md\/wp-content\/uploads\/2026\/04\/image-33-1024x1024.png 1024w, https:\/\/liceulmeu.md\/wp-content\/uploads\/2026\/04\/image-33-300x300.png 300w, https:\/\/liceulmeu.md\/wp-content\/uploads\/2026\/04\/image-33-150x150.png 150w, https:\/\/liceulmeu.md\/wp-content\/uploads\/2026\/04\/image-33-768x768.png 768w, https:\/\/liceulmeu.md\/wp-content\/uploads\/2026\/04\/image-33-12x12.png 12w, https:\/\/liceulmeu.md\/wp-content\/uploads\/2026\/04\/image-33-1080x1080.png 1080w, https:\/\/liceulmeu.md\/wp-content\/uploads\/2026\/04\/image-33-600x600.png 600w, https:\/\/liceulmeu.md\/wp-content\/uploads\/2026\/04\/image-33-649x649.png 649w, https:\/\/liceulmeu.md\/wp-content\/uploads\/2026\/04\/image-33.png 1254w\" sizes=\"(max-width: 1024px) 100vw, 1024px\" \/><\/figure>\n\n\n\n<p>Ast\u0103zi, 27 aprilie 2026, \u00een IPLT \u201eGinta Latin\u0103\u201d a fost marcat\u0103 cu deosebit\u0103 emo\u021bie \u0219i respect Ziua Drapelului de Stat al Republicii Moldova.<\/p>\n\n\n\n<p>Activitatea s-a desf\u0103\u0219urat la ora 11:00, \u00een curtea liceului, unde elevii au prezentat momente artistice dedicate Tricolorului, exprim\u00e2nd prin c\u00e2ntec, poezie \u0219i atitudine patriotic\u0103 dragostea fa\u021b\u0103 de \u021bar\u0103 \u0219i valorile na\u021bionale.<\/p>\n\n\n\n<p>De asemenea, am avut bucuria de a primi vizita Centrul Municipal de Tineret Chi\u0219in\u0103u, care, cu prilejul acestei s\u0103rb\u0103tori, a oferit institu\u021biei noastre un drapel \u2013 simbol al respectului, unit\u0103\u021bii \u0219i identit\u0103\u021bii na\u021bionale.<\/p>\n\n\n\n<p> Tricolorul ne une\u0219te prin istorie, valori \u0219i speran\u021b\u0103, inspir\u00e2ndu-ne s\u0103 purt\u0103m cu demnitate iubirea fa\u021b\u0103 de neam \u0219i \u021bar\u0103.<\/p>\n\n\n\n<figure class=\"wp-block-image size-large\"><img decoding=\"async\" width=\"940\" height=\"1024\" src=\"https:\/\/liceulmeu.md\/wp-content\/uploads\/2026\/04\/image-35-940x1024.png\" alt=\"\" class=\"wp-image-14040\" srcset=\"https:\/\/liceulmeu.md\/wp-content\/uploads\/2026\/04\/image-35-940x1024.png 940w, https:\/\/liceulmeu.md\/wp-content\/uploads\/2026\/04\/image-35-275x300.png 275w, https:\/\/liceulmeu.md\/wp-content\/uploads\/2026\/04\/image-35-768x837.png 768w, https:\/\/liceulmeu.md\/wp-content\/uploads\/2026\/04\/image-35-11x12.png 11w, https:\/\/liceulmeu.md\/wp-content\/uploads\/2026\/04\/image-35-1024x1116.png 1024w, https:\/\/liceulmeu.md\/wp-content\/uploads\/2026\/04\/image-35-991x1080.png 991w, https:\/\/liceulmeu.md\/wp-content\/uploads\/2026\/04\/image-35-600x654.png 600w, https:\/\/liceulmeu.md\/wp-content\/uploads\/2026\/04\/image-35-595x649.png 595w, https:\/\/liceulmeu.md\/wp-content\/uploads\/2026\/04\/image-35.png 1290w\" sizes=\"(max-width: 940px) 100vw, 940px\" \/><\/figure>\n\n\n\n<figure class=\"wp-block-image size-large\"><img decoding=\"async\" width=\"940\" height=\"1024\" src=\"https:\/\/liceulmeu.md\/wp-content\/uploads\/2026\/04\/image-34-940x1024.png\" alt=\"\" class=\"wp-image-14039\" srcset=\"https:\/\/liceulmeu.md\/wp-content\/uploads\/2026\/04\/image-34-940x1024.png 940w, https:\/\/liceulmeu.md\/wp-content\/uploads\/2026\/04\/image-34-275x300.png 275w, https:\/\/liceulmeu.md\/wp-content\/uploads\/2026\/04\/image-34-768x837.png 768w, https:\/\/liceulmeu.md\/wp-content\/uploads\/2026\/04\/image-34-11x12.png 11w, https:\/\/liceulmeu.md\/wp-content\/uploads\/2026\/04\/image-34-600x654.png 600w, https:\/\/liceulmeu.md\/wp-content\/uploads\/2026\/04\/image-34-596x649.png 596w, https:\/\/liceulmeu.md\/wp-content\/uploads\/2026\/04\/image-34.png 960w\" sizes=\"(max-width: 940px) 100vw, 940px\" \/><\/figure>\n\n\n\n<figure class=\"wp-block-image size-large\"><img loading=\"lazy\" decoding=\"async\" width=\"940\" height=\"1024\" src=\"https:\/\/liceulmeu.md\/wp-content\/uploads\/2026\/04\/image-36-940x1024.png\" alt=\"\" class=\"wp-image-14041\" srcset=\"https:\/\/liceulmeu.md\/wp-content\/uploads\/2026\/04\/image-36-940x1024.png 940w, https:\/\/liceulmeu.md\/wp-content\/uploads\/2026\/04\/image-36-275x300.png 275w, https:\/\/liceulmeu.md\/wp-content\/uploads\/2026\/04\/image-36-768x837.png 768w, https:\/\/liceulmeu.md\/wp-content\/uploads\/2026\/04\/image-36-11x12.png 11w, https:\/\/liceulmeu.md\/wp-content\/uploads\/2026\/04\/image-36-600x654.png 600w, https:\/\/liceulmeu.md\/wp-content\/uploads\/2026\/04\/image-36-596x649.png 596w, https:\/\/liceulmeu.md\/wp-content\/uploads\/2026\/04\/image-36.png 960w\" sizes=\"(max-width: 940px) 100vw, 940px\" \/><\/figure>\n\n\n\n<p><a href=\"https:\/\/www.facebook.com\/share\/v\/17TUi5wzV7\">https:\/\/www.facebook.com\/share\/v\/17TUi5wzV7<\/a><\/p>\n\n\n\n<p><a href=\"https:\/\/www.facebook.com\/share\/v\/1NA3qA8kTa\">https:\/\/www.facebook.com\/share\/v\/1NA3qA8kTa<\/a><\/p>\n\n\n\n<p><a href=\"https:\/\/www.facebook.com\/share\/v\/1B3FQSbbhx\">https:\/\/www.facebook.com\/share\/v\/1B3FQSbbhx<\/a><\/p>","protected":false},"excerpt":{"rendered":"<p>Ast\u0103zi, 27 aprilie 2026, \u00een IPLT \u201eGinta Latin\u0103\u201d a fost marcat\u0103 cu deosebit\u0103 emo\u021bie \u0219i respect Ziua Drapelului de Stat al Republicii Moldova. Activitatea s-a desf\u0103\u0219urat la ora 11:00, \u00een curtea liceului, unde elevii au prezentat momente artistice dedicate Tricolorului, exprim\u00e2nd prin c\u00e2ntec, poezie \u0219i atitudine patriotic\u0103 dragostea fa\u021b\u0103 de \u021bar\u0103 \u0219i valorile na\u021bionale. De&hellip; <br \/> <a class=\"read-more\" href=\"https:\/\/liceulmeu.md\/en\/27-aprilie-2026iplt-ginta-latina-emotie-si-respect-de-ziua-drapelului-de-stat-al-republicii-moldova\/\">Read more<\/a><\/p>","protected":false},"author":1,"featured_media":0,"comment_status":"open","ping_status":"open","sticky":false,"template":"","format":"standard","meta":{"footnotes":""},"categories":[1],"tags":[],"class_list":["post-14035","post","type-post","status-publish","format-standard","hentry","category-uncategorized"],"rttpg_featured_image_url":null,"rttpg_author":{"display_name":"gintalatina","author_link":"https:\/\/liceulmeu.md\/en\/author\/admin\/"},"rttpg_comment":0,"rttpg_category":"<a href=\"https:\/\/liceulmeu.md\/en\/category\/uncategorized\/\" rel=\"category tag\">Uncategorized<\/a>","rttpg_excerpt":"Ast\u0103zi, 27 aprilie 2026, \u00een IPLT \u201eGinta Latin\u0103\u201d a fost marcat\u0103 cu deosebit\u0103 emo\u021bie \u0219i respect Ziua Drapelului de Stat al Republicii Moldova. Activitatea s-a desf\u0103\u0219urat la ora 11:00, \u00een curtea liceului, unde elevii au prezentat momente artistice dedicate Tricolorului, exprim\u00e2nd prin c\u00e2ntec, poezie \u0219i atitudine patriotic\u0103 dragostea fa\u021b\u0103 de \u021bar\u0103 \u0219i valorile na\u021bionale. De&hellip;&hellip;","_links":{"self":[{"href":"https:\/\/liceulmeu.md\/en\/wp-json\/wp\/v2\/posts\/14035","targetHints":{"allow":["GET"]}}],"collection":[{"href":"https:\/\/liceulmeu.md\/en\/wp-json\/wp\/v2\/posts"}],"about":[{"href":"https:\/\/liceulmeu.md\/en\/wp-json\/wp\/v2\/types\/post"}],"author":[{"embeddable":true,"href":"https:\/\/liceulmeu.md\/en\/wp-json\/wp\/v2\/users\/1"}],"replies":[{"embeddable":true,"href":"https:\/\/liceulmeu.md\/en\/wp-json\/wp\/v2\/comments?post=14035"}],"version-history":[{"count":1,"href":"https:\/\/liceulmeu.md\/en\/wp-json\/wp\/v2\/posts\/14035\/revisions"}],"predecessor-version":[{"id":14042,"href":"https:\/\/liceulmeu.md\/en\/wp-json\/wp\/v2\/posts\/14035\/revisions\/14042"}],"wp:attachment":[{"href":"https:\/\/liceulmeu.md\/en\/wp-json\/wp\/v2\/media?parent=14035"}],"wp:term":[{"taxonomy":"category","embeddable":true,"href":"https:\/\/liceulmeu.md\/en\/wp-json\/wp\/v2\/categories?post=14035"},{"taxonomy":"post_tag","embeddable":true,"href":"https:\/\/liceulmeu.md\/en\/wp-json\/wp\/v2\/tags?post=14035"}],"curies":[{"name":"wp","href":"https:\/\/api.w.org\/{rel}","templated":true}]}}