{"id":14029,"date":"2026-04-29T23:18:29","date_gmt":"2026-04-29T23:18:29","guid":{"rendered":"https:\/\/liceulmeu.md\/?p=14029"},"modified":"2026-04-29T23:26:00","modified_gmt":"2026-04-29T23:26:00","slug":"27-aprilie-ziua-drapelului-de-stat","status":"publish","type":"post","link":"https:\/\/liceulmeu.md\/en\/27-aprilie-ziua-drapelului-de-stat\/","title":{"rendered":"27 aprilie-Ziua Drapelului de Stat"},"content":{"rendered":"<p>Cu prilejul Zilei Drapelului de Stat, pre\u0219edintele Consiliului Elevilor, \u00eempreun\u0103 cu administra\u021bia IPLT \u201eGinta Latin\u0103\u201d, a participat la ceremonia solemn\u0103 de \u00eenm\u00e2nare a Drapelului de Stat.<\/p>\n\n\n\n<p>Evenimentul, organizat de Ministerul Educa\u021biei \u0219i Cercet\u0103rii al Republicii Moldova, s-a desf\u0103\u0219urat la ora 12:00, \u00een fa\u021ba Guvernul Republicii Moldova, reunind 336 de institu\u021bii de \u00eenv\u0103\u021b\u0103m\u00e2nt din \u00eentreaga \u021bar\u0103. Drapelul a fost \u00eenm\u00e2nat de studen\u021bii Academia de Poli\u021bie \u201e\u0218tefan cel Mare\u201d.<\/p>\n\n\n\n<p>Drapelul de Stat r\u0103m\u00e2ne un simbol al identit\u0103\u021bii, unit\u0103\u021bii \u0219i demnit\u0103\u021bii na\u021bionale, insufl\u00e2nd respect fa\u021b\u0103 de valorile \u0219i tradi\u021biile poporului nostru.<\/p>\n\n\n\n<figure class=\"wp-block-image size-large is-resized\"><img fetchpriority=\"high\" decoding=\"async\" width=\"800\" height=\"1024\" src=\"https:\/\/liceulmeu.md\/wp-content\/uploads\/2026\/04\/image-29-800x1024.png\" alt=\"\" class=\"wp-image-14030\" style=\"aspect-ratio:0.7812619211108568;width:840px;height:auto\" srcset=\"https:\/\/liceulmeu.md\/wp-content\/uploads\/2026\/04\/image-29-800x1024.png 800w, https:\/\/liceulmeu.md\/wp-content\/uploads\/2026\/04\/image-29-234x300.png 234w, https:\/\/liceulmeu.md\/wp-content\/uploads\/2026\/04\/image-29-768x983.png 768w, https:\/\/liceulmeu.md\/wp-content\/uploads\/2026\/04\/image-29-9x12.png 9w, https:\/\/liceulmeu.md\/wp-content\/uploads\/2026\/04\/image-29-1024x1310.png 1024w, https:\/\/liceulmeu.md\/wp-content\/uploads\/2026\/04\/image-29-844x1080.png 844w, https:\/\/liceulmeu.md\/wp-content\/uploads\/2026\/04\/image-29-600x768.png 600w, https:\/\/liceulmeu.md\/wp-content\/uploads\/2026\/04\/image-29-507x649.png 507w, https:\/\/liceulmeu.md\/wp-content\/uploads\/2026\/04\/image-29.png 1055w\" sizes=\"(max-width: 800px) 100vw, 800px\" \/><\/figure>\n\n\n\n<figure class=\"wp-block-image size-large is-resized\"><img decoding=\"async\" width=\"800\" height=\"1024\" src=\"https:\/\/liceulmeu.md\/wp-content\/uploads\/2026\/04\/image-30-800x1024.png\" alt=\"\" class=\"wp-image-14031\" style=\"aspect-ratio:0.7812619211108568;width:840px;height:auto\" srcset=\"https:\/\/liceulmeu.md\/wp-content\/uploads\/2026\/04\/image-30-800x1024.png 800w, https:\/\/liceulmeu.md\/wp-content\/uploads\/2026\/04\/image-30-234x300.png 234w, https:\/\/liceulmeu.md\/wp-content\/uploads\/2026\/04\/image-30-768x983.png 768w, https:\/\/liceulmeu.md\/wp-content\/uploads\/2026\/04\/image-30-1200x1536.png 1200w, https:\/\/liceulmeu.md\/wp-content\/uploads\/2026\/04\/image-30-9x12.png 9w, https:\/\/liceulmeu.md\/wp-content\/uploads\/2026\/04\/image-30-1024x1311.png 1024w, https:\/\/liceulmeu.md\/wp-content\/uploads\/2026\/04\/image-30-844x1080.png 844w, https:\/\/liceulmeu.md\/wp-content\/uploads\/2026\/04\/image-30-600x768.png 600w, https:\/\/liceulmeu.md\/wp-content\/uploads\/2026\/04\/image-30-507x649.png 507w, https:\/\/liceulmeu.md\/wp-content\/uploads\/2026\/04\/image-30.png 1250w\" sizes=\"(max-width: 800px) 100vw, 800px\" \/><\/figure>\n\n\n\n<figure class=\"wp-block-image size-large is-resized\"><img decoding=\"async\" width=\"800\" height=\"1024\" src=\"https:\/\/liceulmeu.md\/wp-content\/uploads\/2026\/04\/image-31-800x1024.png\" alt=\"\" class=\"wp-image-14032\" style=\"aspect-ratio:0.7812619211108568;width:840px;height:auto\" srcset=\"https:\/\/liceulmeu.md\/wp-content\/uploads\/2026\/04\/image-31-800x1024.png 800w, https:\/\/liceulmeu.md\/wp-content\/uploads\/2026\/04\/image-31-234x300.png 234w, https:\/\/liceulmeu.md\/wp-content\/uploads\/2026\/04\/image-31-768x983.png 768w, https:\/\/liceulmeu.md\/wp-content\/uploads\/2026\/04\/image-31-1200x1536.png 1200w, https:\/\/liceulmeu.md\/wp-content\/uploads\/2026\/04\/image-31-9x12.png 9w, https:\/\/liceulmeu.md\/wp-content\/uploads\/2026\/04\/image-31-1024x1311.png 1024w, https:\/\/liceulmeu.md\/wp-content\/uploads\/2026\/04\/image-31-844x1080.png 844w, https:\/\/liceulmeu.md\/wp-content\/uploads\/2026\/04\/image-31-600x768.png 600w, https:\/\/liceulmeu.md\/wp-content\/uploads\/2026\/04\/image-31-507x649.png 507w, https:\/\/liceulmeu.md\/wp-content\/uploads\/2026\/04\/image-31.png 1250w\" sizes=\"(max-width: 800px) 100vw, 800px\" \/><\/figure>\n\n\n\n<figure class=\"wp-block-image size-large\"><img loading=\"lazy\" decoding=\"async\" width=\"1024\" height=\"683\" src=\"https:\/\/liceulmeu.md\/wp-content\/uploads\/2026\/04\/image-32-1024x683.png\" alt=\"\" class=\"wp-image-14033\" srcset=\"https:\/\/liceulmeu.md\/wp-content\/uploads\/2026\/04\/image-32-1024x683.png 1024w, https:\/\/liceulmeu.md\/wp-content\/uploads\/2026\/04\/image-32-300x200.png 300w, https:\/\/liceulmeu.md\/wp-content\/uploads\/2026\/04\/image-32-768x512.png 768w, https:\/\/liceulmeu.md\/wp-content\/uploads\/2026\/04\/image-32-18x12.png 18w, https:\/\/liceulmeu.md\/wp-content\/uploads\/2026\/04\/image-32-600x400.png 600w, https:\/\/liceulmeu.md\/wp-content\/uploads\/2026\/04\/image-32-974x649.png 974w, https:\/\/liceulmeu.md\/wp-content\/uploads\/2026\/04\/image-32.png 1536w\" sizes=\"(max-width: 1024px) 100vw, 1024px\" \/><\/figure>\n\n\n\n<p><a href=\"https:\/\/www.facebook.com\/share\/v\/187v16xwee\">https:\/\/www.facebook.com\/share\/v\/187v16xwee<\/a> <\/p>\n\n\n\n<p><a href=\"https:\/\/www.facebook.com\/share\/v\/1DzbWUyXFZ\">https:\/\/www.facebook.com\/share\/v\/1DzbWUyXFZ<\/a><\/p>\n\n\n\n<p><a href=\"https:\/\/www.facebook.com\/share\/v\/1Tz2MrBeUC\">https:\/\/www.facebook.com\/share\/v\/1Tz2MrBeUC<\/a><\/p>","protected":false},"excerpt":{"rendered":"<p>Cu prilejul Zilei Drapelului de Stat, pre\u0219edintele Consiliului Elevilor, \u00eempreun\u0103 cu administra\u021bia IPLT \u201eGinta Latin\u0103\u201d, a participat la ceremonia solemn\u0103 de \u00eenm\u00e2nare a Drapelului de Stat. Evenimentul, organizat de Ministerul Educa\u021biei \u0219i Cercet\u0103rii al Republicii Moldova, s-a desf\u0103\u0219urat la ora 12:00, \u00een fa\u021ba Guvernul Republicii Moldova, reunind 336 de institu\u021bii de \u00eenv\u0103\u021b\u0103m\u00e2nt din \u00eentreaga \u021bar\u0103.&hellip; <br \/> <a class=\"read-more\" href=\"https:\/\/liceulmeu.md\/en\/27-aprilie-ziua-drapelului-de-stat\/\">Read more<\/a><\/p>","protected":false},"author":1,"featured_media":0,"comment_status":"open","ping_status":"open","sticky":false,"template":"","format":"standard","meta":{"footnotes":""},"categories":[1],"tags":[],"class_list":["post-14029","post","type-post","status-publish","format-standard","hentry","category-uncategorized"],"rttpg_featured_image_url":null,"rttpg_author":{"display_name":"gintalatina","author_link":"https:\/\/liceulmeu.md\/en\/author\/admin\/"},"rttpg_comment":0,"rttpg_category":"<a href=\"https:\/\/liceulmeu.md\/en\/category\/uncategorized\/\" rel=\"category tag\">Uncategorized<\/a>","rttpg_excerpt":"Cu prilejul Zilei Drapelului de Stat, pre\u0219edintele Consiliului Elevilor, \u00eempreun\u0103 cu administra\u021bia IPLT \u201eGinta Latin\u0103\u201d, a participat la ceremonia solemn\u0103 de \u00eenm\u00e2nare a Drapelului de Stat. Evenimentul, organizat de Ministerul Educa\u021biei \u0219i Cercet\u0103rii al Republicii Moldova, s-a desf\u0103\u0219urat la ora 12:00, \u00een fa\u021ba Guvernul Republicii Moldova, reunind 336 de institu\u021bii de \u00eenv\u0103\u021b\u0103m\u00e2nt din \u00eentreaga \u021bar\u0103.&hellip;&hellip;","_links":{"self":[{"href":"https:\/\/liceulmeu.md\/en\/wp-json\/wp\/v2\/posts\/14029","targetHints":{"allow":["GET"]}}],"collection":[{"href":"https:\/\/liceulmeu.md\/en\/wp-json\/wp\/v2\/posts"}],"about":[{"href":"https:\/\/liceulmeu.md\/en\/wp-json\/wp\/v2\/types\/post"}],"author":[{"embeddable":true,"href":"https:\/\/liceulmeu.md\/en\/wp-json\/wp\/v2\/users\/1"}],"replies":[{"embeddable":true,"href":"https:\/\/liceulmeu.md\/en\/wp-json\/wp\/v2\/comments?post=14029"}],"version-history":[{"count":2,"href":"https:\/\/liceulmeu.md\/en\/wp-json\/wp\/v2\/posts\/14029\/revisions"}],"predecessor-version":[{"id":14037,"href":"https:\/\/liceulmeu.md\/en\/wp-json\/wp\/v2\/posts\/14029\/revisions\/14037"}],"wp:attachment":[{"href":"https:\/\/liceulmeu.md\/en\/wp-json\/wp\/v2\/media?parent=14029"}],"wp:term":[{"taxonomy":"category","embeddable":true,"href":"https:\/\/liceulmeu.md\/en\/wp-json\/wp\/v2\/categories?post=14029"},{"taxonomy":"post_tag","embeddable":true,"href":"https:\/\/liceulmeu.md\/en\/wp-json\/wp\/v2\/tags?post=14029"}],"curies":[{"name":"wp","href":"https:\/\/api.w.org\/{rel}","templated":true}]}}