{"id":14004,"date":"2026-04-27T05:50:29","date_gmt":"2026-04-27T05:50:29","guid":{"rendered":"https:\/\/liceulmeu.md\/?p=14004"},"modified":"2026-04-27T05:50:30","modified_gmt":"2026-04-27T05:50:30","slug":"excelenta-si-apreciere-internationala-pentru-elevii-iplt-ginta-latina","status":"publish","type":"post","link":"https:\/\/liceulmeu.md\/en\/excelenta-si-apreciere-internationala-pentru-elevii-iplt-ginta-latina\/","title":{"rendered":"Excelen\u021b\u0103 \u0219i apreciere interna\u021bional\u0103 pentru elevii IPLT \u201eGinta Latin\u0103\u201d."},"content":{"rendered":"<figure class=\"wp-block-image size-full is-resized\"><img decoding=\"async\" width=\"260\" height=\"148\" src=\"https:\/\/liceulmeu.md\/wp-content\/uploads\/2026\/04\/image-27.png\" alt=\"\" class=\"wp-image-14010\" style=\"aspect-ratio:1.7569422447471228;width:186px;height:auto\" srcset=\"https:\/\/liceulmeu.md\/wp-content\/uploads\/2026\/04\/image-27.png 260w, https:\/\/liceulmeu.md\/wp-content\/uploads\/2026\/04\/image-27-18x10.png 18w\" sizes=\"(max-width: 260px) 100vw, 260px\" \/><\/figure>\n\n\n\n<p>Cu mult\u0103 m\u00e2ndrie, aducem \u00een aten\u021bie rezultatele deosebite ob\u021binute de elevii institu\u021biei noastre \u00een cadrul <strong>Concursului Interna\u021bional de Arte Plastice \u201eGraines d\u2019artistes du monde entier\u201d \u2013 2026, organizat la Troyes, Fran\u021ba, sub egida Institutului Mondial de Art\u0103 al Tineretului \u0219i cu patronajul UNESCO.<\/strong><\/p>\n\n\n\n<p><strong>Elevele Roxana Glibiciuc \u0219i Gabriela Calara\u0219 au fost recompensate cu Certificate de participare, iar lucr\u0103rile lor au fost incluse \u00een colec\u021bia artistic\u0103 interna\u021bional\u0103 \u201eM\u00e9moires du futur\u201d, reflect\u00e2nd sensibilitatea \u0219i originalitatea tinerei genera\u021bii.<\/strong><\/p>\n\n\n\n<p> Totodat\u0103, doamna profesoar\u0103 Zinaida Ursu a primit un Certificat de recunoa\u0219tere pentru dedicarea \u0219i aportul s\u0103u \u00een sus\u021binerea \u0219i promovarea talentului artistic al elevilor.<\/p>\n\n\n\n<p> Tema edi\u021biei din acest an \u2013 \u201e<strong>La beaut\u00e9 du vivant\u201d \u2013<\/strong> a eviden\u021biat frumuse\u021bea vie\u021bii \u00een toate formele sale, oferind participan\u021bilor ocazia de a-\u0219i exprima viziunea artistic\u0103 asupra naturii \u0219i diversit\u0103\u021bii lumii vii.<\/p>\n\n\n\n<p> Felicit\u0103ri elevilor \u0219i cadrului didactic pentru implicare, creativitate \u0219i pentru promovarea imaginii institu\u021biei la nivel interna\u021bional!  <\/p>\n\n\n\n<figure class=\"wp-block-gallery has-nested-images columns-default is-cropped wp-block-gallery-1 is-layout-flex wp-block-gallery-is-layout-flex\">\n<figure class=\"wp-block-image size-large\"><img fetchpriority=\"high\" decoding=\"async\" width=\"1024\" height=\"724\" data-id=\"14008\" src=\"https:\/\/liceulmeu.md\/wp-content\/uploads\/2026\/04\/viber_image_2026-04-16_21-03-23-493-1024x724.jpg\" alt=\"\" class=\"wp-image-14008\" srcset=\"https:\/\/liceulmeu.md\/wp-content\/uploads\/2026\/04\/viber_image_2026-04-16_21-03-23-493-1024x724.jpg 1024w, https:\/\/liceulmeu.md\/wp-content\/uploads\/2026\/04\/viber_image_2026-04-16_21-03-23-493-300x212.jpg 300w, https:\/\/liceulmeu.md\/wp-content\/uploads\/2026\/04\/viber_image_2026-04-16_21-03-23-493-768x543.jpg 768w, https:\/\/liceulmeu.md\/wp-content\/uploads\/2026\/04\/viber_image_2026-04-16_21-03-23-493-1536x1087.jpg 1536w, https:\/\/liceulmeu.md\/wp-content\/uploads\/2026\/04\/viber_image_2026-04-16_21-03-23-493-18x12.jpg 18w, https:\/\/liceulmeu.md\/wp-content\/uploads\/2026\/04\/viber_image_2026-04-16_21-03-23-493-1527x1080.jpg 1527w, https:\/\/liceulmeu.md\/wp-content\/uploads\/2026\/04\/viber_image_2026-04-16_21-03-23-493-600x425.jpg 600w, https:\/\/liceulmeu.md\/wp-content\/uploads\/2026\/04\/viber_image_2026-04-16_21-03-23-493-917x649.jpg 917w, https:\/\/liceulmeu.md\/wp-content\/uploads\/2026\/04\/viber_image_2026-04-16_21-03-23-493.jpg 1600w\" sizes=\"(max-width: 1024px) 100vw, 1024px\" \/><\/figure>\n\n\n\n<figure class=\"wp-block-image size-large\"><img decoding=\"async\" width=\"1024\" height=\"707\" data-id=\"14005\" src=\"https:\/\/liceulmeu.md\/wp-content\/uploads\/2026\/04\/viber_image_2026-04-16_21-03-23-532-1024x707.jpg\" alt=\"\" class=\"wp-image-14005\" srcset=\"https:\/\/liceulmeu.md\/wp-content\/uploads\/2026\/04\/viber_image_2026-04-16_21-03-23-532-1024x707.jpg 1024w, https:\/\/liceulmeu.md\/wp-content\/uploads\/2026\/04\/viber_image_2026-04-16_21-03-23-532-300x207.jpg 300w, https:\/\/liceulmeu.md\/wp-content\/uploads\/2026\/04\/viber_image_2026-04-16_21-03-23-532-768x530.jpg 768w, https:\/\/liceulmeu.md\/wp-content\/uploads\/2026\/04\/viber_image_2026-04-16_21-03-23-532-1536x1060.jpg 1536w, https:\/\/liceulmeu.md\/wp-content\/uploads\/2026\/04\/viber_image_2026-04-16_21-03-23-532-18x12.jpg 18w, https:\/\/liceulmeu.md\/wp-content\/uploads\/2026\/04\/viber_image_2026-04-16_21-03-23-532-1565x1080.jpg 1565w, https:\/\/liceulmeu.md\/wp-content\/uploads\/2026\/04\/viber_image_2026-04-16_21-03-23-532-600x414.jpg 600w, https:\/\/liceulmeu.md\/wp-content\/uploads\/2026\/04\/viber_image_2026-04-16_21-03-23-532-941x649.jpg 941w, https:\/\/liceulmeu.md\/wp-content\/uploads\/2026\/04\/viber_image_2026-04-16_21-03-23-532.jpg 1600w\" sizes=\"(max-width: 1024px) 100vw, 1024px\" \/><\/figure>\n\n\n\n<figure class=\"wp-block-image size-large\"><img loading=\"lazy\" decoding=\"async\" width=\"1024\" height=\"718\" data-id=\"14007\" src=\"https:\/\/liceulmeu.md\/wp-content\/uploads\/2026\/04\/viber_image_2026-04-16_21-03-23-460-1024x718.jpg\" alt=\"\" class=\"wp-image-14007\" srcset=\"https:\/\/liceulmeu.md\/wp-content\/uploads\/2026\/04\/viber_image_2026-04-16_21-03-23-460-1024x718.jpg 1024w, https:\/\/liceulmeu.md\/wp-content\/uploads\/2026\/04\/viber_image_2026-04-16_21-03-23-460-300x210.jpg 300w, https:\/\/liceulmeu.md\/wp-content\/uploads\/2026\/04\/viber_image_2026-04-16_21-03-23-460-768x539.jpg 768w, https:\/\/liceulmeu.md\/wp-content\/uploads\/2026\/04\/viber_image_2026-04-16_21-03-23-460-1536x1077.jpg 1536w, https:\/\/liceulmeu.md\/wp-content\/uploads\/2026\/04\/viber_image_2026-04-16_21-03-23-460-18x12.jpg 18w, https:\/\/liceulmeu.md\/wp-content\/uploads\/2026\/04\/viber_image_2026-04-16_21-03-23-460-1540x1080.jpg 1540w, https:\/\/liceulmeu.md\/wp-content\/uploads\/2026\/04\/viber_image_2026-04-16_21-03-23-460-600x421.jpg 600w, https:\/\/liceulmeu.md\/wp-content\/uploads\/2026\/04\/viber_image_2026-04-16_21-03-23-460-925x649.jpg 925w, https:\/\/liceulmeu.md\/wp-content\/uploads\/2026\/04\/viber_image_2026-04-16_21-03-23-460.jpg 1600w\" sizes=\"(max-width: 1024px) 100vw, 1024px\" \/><\/figure>\n<\/figure>\n\n\n\n<figure class=\"wp-block-gallery has-nested-images columns-default is-cropped wp-block-gallery-2 is-layout-flex wp-block-gallery-is-layout-flex\">\n<figure class=\"wp-block-image size-large\"><img loading=\"lazy\" decoding=\"async\" width=\"1024\" height=\"577\" data-id=\"14009\" src=\"https:\/\/liceulmeu.md\/wp-content\/uploads\/2026\/04\/viber_image_2026-04-16_21-03-23-563-1-1024x577.jpg\" alt=\"\" class=\"wp-image-14009\" srcset=\"https:\/\/liceulmeu.md\/wp-content\/uploads\/2026\/04\/viber_image_2026-04-16_21-03-23-563-1-1024x577.jpg 1024w, https:\/\/liceulmeu.md\/wp-content\/uploads\/2026\/04\/viber_image_2026-04-16_21-03-23-563-1-300x169.jpg 300w, https:\/\/liceulmeu.md\/wp-content\/uploads\/2026\/04\/viber_image_2026-04-16_21-03-23-563-1-768x432.jpg 768w, https:\/\/liceulmeu.md\/wp-content\/uploads\/2026\/04\/viber_image_2026-04-16_21-03-23-563-1-1536x865.jpg 1536w, https:\/\/liceulmeu.md\/wp-content\/uploads\/2026\/04\/viber_image_2026-04-16_21-03-23-563-1-18x10.jpg 18w, https:\/\/liceulmeu.md\/wp-content\/uploads\/2026\/04\/viber_image_2026-04-16_21-03-23-563-1-600x338.jpg 600w, https:\/\/liceulmeu.md\/wp-content\/uploads\/2026\/04\/viber_image_2026-04-16_21-03-23-563-1-1152x649.jpg 1152w, https:\/\/liceulmeu.md\/wp-content\/uploads\/2026\/04\/viber_image_2026-04-16_21-03-23-563-1.jpg 1600w\" sizes=\"(max-width: 1024px) 100vw, 1024px\" \/><\/figure>\n<\/figure>\n\n\n\n<p><\/p>","protected":false},"excerpt":{"rendered":"<p>Cu mult\u0103 m\u00e2ndrie, aducem \u00een aten\u021bie rezultatele deosebite ob\u021binute de elevii institu\u021biei noastre \u00een cadrul Concursului Interna\u021bional de Arte Plastice \u201eGraines d\u2019artistes du monde entier\u201d \u2013 2026, organizat la Troyes, Fran\u021ba, sub egida Institutului Mondial de Art\u0103 al Tineretului \u0219i cu patronajul UNESCO. Elevele Roxana Glibiciuc \u0219i Gabriela Calara\u0219 au fost recompensate cu Certificate de&hellip; <br \/> <a class=\"read-more\" href=\"https:\/\/liceulmeu.md\/en\/excelenta-si-apreciere-internationala-pentru-elevii-iplt-ginta-latina\/\">Read more<\/a><\/p>","protected":false},"author":1,"featured_media":0,"comment_status":"open","ping_status":"open","sticky":false,"template":"","format":"standard","meta":{"footnotes":""},"categories":[1],"tags":[],"class_list":["post-14004","post","type-post","status-publish","format-standard","hentry","category-uncategorized"],"rttpg_featured_image_url":null,"rttpg_author":{"display_name":"gintalatina","author_link":"https:\/\/liceulmeu.md\/en\/author\/admin\/"},"rttpg_comment":0,"rttpg_category":"<a href=\"https:\/\/liceulmeu.md\/en\/category\/uncategorized\/\" rel=\"category tag\">Uncategorized<\/a>","rttpg_excerpt":"Cu mult\u0103 m\u00e2ndrie, aducem \u00een aten\u021bie rezultatele deosebite ob\u021binute de elevii institu\u021biei noastre \u00een cadrul Concursului Interna\u021bional de Arte Plastice \u201eGraines d\u2019artistes du monde entier\u201d \u2013 2026, organizat la Troyes, Fran\u021ba, sub egida Institutului Mondial de Art\u0103 al Tineretului \u0219i cu patronajul UNESCO. Elevele Roxana Glibiciuc \u0219i Gabriela Calara\u0219 au fost recompensate cu Certificate de&hellip;&hellip;","_links":{"self":[{"href":"https:\/\/liceulmeu.md\/en\/wp-json\/wp\/v2\/posts\/14004","targetHints":{"allow":["GET"]}}],"collection":[{"href":"https:\/\/liceulmeu.md\/en\/wp-json\/wp\/v2\/posts"}],"about":[{"href":"https:\/\/liceulmeu.md\/en\/wp-json\/wp\/v2\/types\/post"}],"author":[{"embeddable":true,"href":"https:\/\/liceulmeu.md\/en\/wp-json\/wp\/v2\/users\/1"}],"replies":[{"embeddable":true,"href":"https:\/\/liceulmeu.md\/en\/wp-json\/wp\/v2\/comments?post=14004"}],"version-history":[{"count":1,"href":"https:\/\/liceulmeu.md\/en\/wp-json\/wp\/v2\/posts\/14004\/revisions"}],"predecessor-version":[{"id":14011,"href":"https:\/\/liceulmeu.md\/en\/wp-json\/wp\/v2\/posts\/14004\/revisions\/14011"}],"wp:attachment":[{"href":"https:\/\/liceulmeu.md\/en\/wp-json\/wp\/v2\/media?parent=14004"}],"wp:term":[{"taxonomy":"category","embeddable":true,"href":"https:\/\/liceulmeu.md\/en\/wp-json\/wp\/v2\/categories?post=14004"},{"taxonomy":"post_tag","embeddable":true,"href":"https:\/\/liceulmeu.md\/en\/wp-json\/wp\/v2\/tags?post=14004"}],"curies":[{"name":"wp","href":"https:\/\/api.w.org\/{rel}","templated":true}]}}